[{"@context":"https:\/\/schema.org\/","@type":"Article","@id":"https:\/\/www.halasz.cz\/zavody-na-motorce\/#Article","mainEntityOfPage":"https:\/\/www.halasz.cz\/zavody-na-motorce\/","headline":"Z\u00e1vody na motorce","name":"Z\u00e1vody na motorce","description":"\u0158\u00edk\u00e1 se, \u017ee v dne\u0161n\u00ed dob\u011b motorky h\u00fdbou sv\u011btem. Mysl\u00edte si, \u017ee tohle je pravda? Proto\u017ee vlastn\u011b kdy\u017e se zamysl\u00edte a kouknete se kolem sebe, tak vid\u00edm v\u0161ude jenom motorky. A mysl\u00edm si, \u017ee i vy tak\u00e9. Logicky, \u017ee kdy\u017e u\u017e se bl\u00ed\u017e\u00ed zima a tak\u00e9 hlavn\u011b podzim, \u017ee motorek bude ub\u00fdvat. Ale v\u0161imla jsem...","datePublished":"2024-01-26","dateModified":"2024-01-26","author":{"@type":"Person","@id":"https:\/\/www.halasz.cz\/author\/#Person","name":"","url":"https:\/\/www.halasz.cz\/author\/","identifier":1,"image":{"@type":"ImageObject","@id":"https:\/\/secure.gravatar.com\/avatar\/ccdd701717dc93db07d73e0c11dbbb8b91524cccc3bfbd3baea83667a3ebf5d6?s=96&d=mm&r=g","url":"https:\/\/secure.gravatar.com\/avatar\/ccdd701717dc93db07d73e0c11dbbb8b91524cccc3bfbd3baea83667a3ebf5d6?s=96&d=mm&r=g","height":96,"width":96}},"publisher":{"@type":"Organization","name":"halasz.cz","logo":{"@type":"ImageObject","@id":"\/logo.png","url":"\/logo.png","width":600,"height":60}},"image":{"@type":"ImageObject","@id":"https:\/\/www.halasz.cz\/wp-content\/uploads\/trial-4817888_960_720_2.jpg","url":"https:\/\/www.halasz.cz\/wp-content\/uploads\/trial-4817888_960_720_2.jpg","height":0,"width":0},"url":"https:\/\/www.halasz.cz\/zavody-na-motorce\/","about":["Moto"],"wordCount":419,"articleBody":"\u0158\u00edk\u00e1 se, \u017ee v dne\u0161n\u00ed dob\u011b motorky h\u00fdbou sv\u011btem. Mysl\u00edte si, \u017ee tohle je pravda? Proto\u017ee vlastn\u011b kdy\u017e se zamysl\u00edte a kouknete se kolem sebe, tak vid\u00edm v\u0161ude jenom motorky. A mysl\u00edm si, \u017ee i vy tak\u00e9. Logicky, \u017ee kdy\u017e u\u017e se bl\u00ed\u017e\u00ed zima a tak\u00e9 hlavn\u011b podzim, \u017ee motorek bude ub\u00fdvat. Ale v\u0161imla jsem si, \u017ee hlavn\u011b na ja\u0159e, a hlavn\u011b cel\u00e9 l\u00e9to v\u0161ude jezd\u00ed motorky. J\u00e1 se tomu nediv\u00edm. Vy se vlastn\u011b s motorkou dostanete t\u00e9m\u011b\u0159 kamkoliv. M\u016f\u017eete m\u00edt tak\u00e9 n\u011bjakou ter\u00e9nn\u00ed motorku a ter\u00e9nn\u00ed motorku.\u00a0Jsem v\u017edycky cht\u011bla j\u00e1. Cht\u011bla jsem jezdit na ter\u00e9nn\u00ed motorce r\u016fzn\u00e9 z\u00e1vody. Jenom\u017ee bohu\u017eel rodi\u010de mi tohle st\u00e1le zakazovali. Jako \u0161estn\u00e1ctilet\u00e1 holka jsem si pr\u00e1v\u011b p\u0159\u00e1la k narozenin\u00e1m n\u011bjakou ter\u00e9nn\u00ed motorku, n\u011bjakou cross motorku? Rodi\u010de mi tohle samoz\u0159ejm\u011b v\u016fbec nedovolili. A kdy\u017e zjistili, \u017ee jsi tuhle ter\u00e9nn\u00ed motorku p\u016fj\u010duj\u00ed od kamar\u00e1da, tak byli opravdu hodn\u011b na\u0161tvan\u00ed. Dokonce otec \u0161el a m\u00e9mu kamar\u00e1dovi zak\u00e1zal, aby mi jeho ter\u00e9nn\u00ed motorku je\u0161t\u011b n\u011bkdy v\u016fbec p\u016fj\u010doval. Opravdu mi bylo trapn\u011b. Za sv\u00e9ho otce jsem se dost styd\u011bla. Nev\u011bd\u011bla jsem, co m\u00e1m d\u011blat. A tak jsem sv\u00e9mu otci \u0159ekla, \u017ee mi ud\u011blal ostudu, a to \u00fapln\u011b zbyte\u010dn\u011b. Klidn\u011b mi mohl \u0159\u00edct a j\u00e1 u\u017e bych si tu motorku od kamar\u00e1da asi nep\u016fj\u010dila.Tedy nev\u00edm to jist\u011b, ale mo\u017en\u00e1 bych lhala, proto\u017ee tu motorku opravdu miluji. Kamar\u00e1d mi dokonce \u0159ekl, \u017ee on se bude kupovat \u00fapln\u011b novou ter\u00e9nn\u00ed motorku. A \u017ee tuhle star\u0161\u00ed ter\u00e9nn\u00ed motorku by mi nechal \u00fapln\u011b za hubi\u010dku pr\u00fd \u00fapln\u011b za pakatel. A tak jsem si \u0159ekla, \u017ee vlastn\u011b, kdy\u017e m\u016f\u017eu m\u00edt tak\u00e9 ter\u00e9nn\u00ed motorku, a to opravdu hodn\u011b levn\u011b, \u017ee by to bylo skv\u011bl\u00e9. Jenom\u017ee v\u016fbec nev\u00edm, jak bych tohle utajila p\u0159ed rodi\u010di rodi\u010de by na to ur\u010dit\u011b p\u0159i\u0161li. A\u00a0kdybych n\u00e1hodou se na t\u00e9to motorce vybourala a m\u011bla n\u011bjak\u00e9 zran\u011bn\u00ed, tak u\u017e by to bylo jasn\u00e9 a nev\u00edm, jak by potom rodi\u010de reagovali, kdyby m\u011b t\u0159eba potom na\u0161li n\u011bkde zran\u011bnou v nemocnici.\u00a0                                                                                                                                                                                                                                                                                                                                                                                        3.9\/5 - (7 votes)        "},{"@context":"https:\/\/schema.org\/","@type":"BreadcrumbList","itemListElement":[{"@type":"ListItem","position":1,"name":"Z\u00e1vody na motorce","item":"https:\/\/www.halasz.cz\/zavody-na-motorce\/#breadcrumbitem"}]}]