[{"@context":"https:\/\/schema.org\/","@type":"Article","@id":"https:\/\/www.halasz.cz\/nechavate-sebou-v-praci-zametat\/#Article","mainEntityOfPage":"https:\/\/www.halasz.cz\/nechavate-sebou-v-praci-zametat\/","headline":"Nech\u00e1v\u00e1te sebou v pr\u00e1ci zametat?","name":"Nech\u00e1v\u00e1te sebou v pr\u00e1ci zametat?","description":"Ne v\u0161ichni maj\u00ed to \u0161t\u011bst\u00ed, \u017ee se ocitnou v zam\u011bstn\u00e1n\u00ed jejich sn\u016f. Jsou to sp\u00ed\u0161e v\u00fdjimky, kter\u00e9 se m\u016f\u017eou chlubit b\u00e1je\u010dnou pr\u00e1ci, ve kter\u00e9 se c\u00edt\u00ed jako doma a samotn\u00e9 povol\u00e1n\u00ed jich bav\u00ed a napl\u0148uje. Pat\u0159\u00edte sp\u00ed\u0161e do druh\u00e9 skupiny, kdy v\u00e1s u\u017e samotn\u00e9 pomy\u0161len\u00ed na va\u0161i pozici v pr\u00e1ci ni\u010d\u00ed a trh\u00e1 v\u00e1m vlasy?S...","datePublished":"2023-05-31","dateModified":"2023-05-31","author":{"@type":"Person","@id":"https:\/\/www.halasz.cz\/author\/#Person","name":"","url":"https:\/\/www.halasz.cz\/author\/","identifier":1,"image":{"@type":"ImageObject","@id":"https:\/\/secure.gravatar.com\/avatar\/ccdd701717dc93db07d73e0c11dbbb8b91524cccc3bfbd3baea83667a3ebf5d6?s=96&d=mm&r=g","url":"https:\/\/secure.gravatar.com\/avatar\/ccdd701717dc93db07d73e0c11dbbb8b91524cccc3bfbd3baea83667a3ebf5d6?s=96&d=mm&r=g","height":96,"width":96}},"publisher":{"@type":"Organization","name":"halasz.cz","logo":{"@type":"ImageObject","@id":"\/logo.png","url":"\/logo.png","width":600,"height":60}},"image":{"@type":"ImageObject","@id":"https:\/\/www.halasz.cz\/wp-content\/uploads\/img_a334226_w1932_t1547907478.jpg","url":"https:\/\/www.halasz.cz\/wp-content\/uploads\/img_a334226_w1932_t1547907478.jpg","height":0,"width":0},"url":"https:\/\/www.halasz.cz\/nechavate-sebou-v-praci-zametat\/","wordCount":479,"articleBody":"Ne v\u0161ichni maj\u00ed to \u0161t\u011bst\u00ed, \u017ee se ocitnou v zam\u011bstn\u00e1n\u00ed jejich sn\u016f. Jsou to sp\u00ed\u0161e v\u00fdjimky, kter\u00e9 se m\u016f\u017eou chlubit b\u00e1je\u010dnou pr\u00e1ci, ve kter\u00e9 se c\u00edt\u00ed jako doma a samotn\u00e9 povol\u00e1n\u00ed jich bav\u00ed a napl\u0148uje.Pat\u0159\u00edte sp\u00ed\u0161e do druh\u00e9 skupiny, kdy v\u00e1s u\u017e samotn\u00e9 pomy\u0161len\u00ed na va\u0161i pozici v pr\u00e1ci ni\u010d\u00ed a trh\u00e1 v\u00e1m vlasy?S nejv\u011bt\u0161\u00ed pravd\u011bpodobnost\u00ed tam po v\u00e1s \u0161lapou v\u0161ichni, kter\u00fdm v n\u00ed d\u011bl\u00e1te jenom \u201e\u0161edou my\u0161ku pro v\u0161echno\u201c.\tNen\u00ed spr\u00e1vn\u00e9 nechat sebou m\u00e1vatTak jako ka\u017ed\u00fd, i vy se jist\u011b boj\u00edte o to, abyste o v\u00e1\u0161 post v zam\u011bstn\u00e1n\u00ed nep\u0159i\u0161li. I kdy\u017e v\u00e1s pr\u00e1ce nebav\u00ed a m\u00e1te pocit, \u017ee toho d\u011bl\u00e1te v\u00edce, ne\u017e za co dostanete zaplaceno, to podstatn\u00e9 v\u00e1m neunik\u00e1 \u2013 bez pr\u00e1ce b\u00fdt nem\u016f\u017eete.Bezesporu si v\u00e1\u0161 \u0161\u00e9f ani ostatn\u00ed kolegov\u00e9, nem\u016f\u017eou dovolit v\u00edce, ne\u017e co jim umo\u017en\u00edte vy sami. Nebu\u010fte za \u010dlov\u011bka, kter\u00fd v\u0161echno odsouhlas\u00ed, ud\u011bl\u00e1 a je\u0161t\u011b si vezme pr\u00e1ci nav\u00edc, kter\u00e1 mu mimochodem nepat\u0159\u00ed. Jestli chcete pat\u0159it mezi \u00fasp\u011b\u0161n\u00e9 lidi, mus\u00edte si dupnout a stanovit jasn\u00e1 pravidla. Konec konc\u016f mus\u00edte uznat, \u017ee pokud za to nedostanete zaplaceno, pr\u00e1ci d\u011blat nemus\u00edte.\tOce\u0148te se jako \u010dlov\u011bk, kter\u00fd je nepostradateln\u00fdPro\u010d byste pr\u00e1v\u011b vy m\u011bli b\u00fdt ve firm\u011b, podniku nebo kdekoliv jinde, kde se nach\u00e1z\u00edte, snadno nahraditeln\u00fd pracant? Doka\u017ete va\u0161emu veden\u00ed a v\u0161em ve va\u0161em t\u00fdmu, \u017ee m\u00e1te nav\u00edc a va\u0161i pr\u00e1ci d\u011bl\u00e1te v\u00edce ne\u017e dob\u0159e. N\u011bkdy sta\u010d\u00ed pouze to, \u017ee upozorn\u00edte na va\u0161e kvality, efektivitu a p\u0159\u00ednos, kter\u00fd do firmy vkl\u00e1d\u00e1te. Rovn\u011b\u017e byste v p\u0159\u00edpad\u011b, \u017ee s va\u0161im p\u0159\u00edjmem nejste spokojeni, po\u017e\u00e1dat o vy\u0161\u0161\u00ed plat. Kdy\u017e to neud\u011bl\u00e1te vy sami, nem\u016f\u017eete o\u010dek\u00e1vat, \u017ee v\u00e1m spadne do kl\u00edna (na va\u0161eho konto) s\u00e1m.\tNedovolte nikomu, aby v\u00e1s poni\u017eovalOsvobo\u010fte se od pozice \u010dlov\u011bka ve firm\u011b, kter\u00e1 v\u0161em kolem v\u00e1s d\u00e1vala p\u0159\u00edle\u017eitost k tomu, aby s v\u00e1mi zametali ve velk\u00e9m. Trp\u011bt to nemus\u00edte a u\u017e v\u016fbec to nem\u00e1te zapot\u0159eb\u00ed.A pokud takov\u00fd styl \u017eivota vedete a zm\u011bna ve form\u011b va\u0161eho p\u0159esv\u011bd\u010den\u00ed o tom, \u017ee m\u00e1te nav\u00edc se va\u0161emu nad\u0159\u00edzen\u00e9mu l\u00edbit nebude, m\u011bli byste zv\u00e1\u017eit odchod do jin\u00e9ho zam\u011bstn\u00e1n\u00ed, kde si respekt a va\u0161i cenu budou v\u00e1\u017eit.                                                                                                                                                                                                                                                                                                                                                                                        4.4\/5 - (7 votes)        "},{"@context":"https:\/\/schema.org\/","@type":"BreadcrumbList","itemListElement":[{"@type":"ListItem","position":1,"name":"Nech\u00e1v\u00e1te sebou v pr\u00e1ci zametat?","item":"https:\/\/www.halasz.cz\/nechavate-sebou-v-praci-zametat\/#breadcrumbitem"}]}]